{"id":3383,"date":"2020-06-30T19:00:57","date_gmt":"2020-06-30T22:00:57","guid":{"rendered":"https:\/\/mundodeaventura.com.br\/blog\/?p=3383"},"modified":"2021-08-23T17:17:03","modified_gmt":"2021-08-23T20:17:03","slug":"reserva-ecologica-estadual-da-juatinga-rj","status":"publish","type":"post","link":"https:\/\/mundodeaventura.com.br\/blog\/reserva-ecologica-estadual-da-juatinga-rj\/","title":{"rendered":"Reserva Ecol\u00f3gica Estadual da Juatinga &#8211; RJ"},"content":{"rendered":"<h6>Unidades de Conserva\u00e7\u00e3o da Natureza &#8211; UCs<\/h6>\n<p>S\u00e3o \u00e1reas com caracter\u00edsticas naturais importantes e limites definidos, criadas e administradas para assegurar a preserva\u00e7\u00e3o da natureza e o bem estar das popula\u00e7\u00f5es locais.<\/p>\n<p>Algumas UCs permitem a visita\u00e7\u00e3o p\u00fablica, o lazer e o entretenimento na natureza, contribuindo n\u00e3o s\u00f3 para a conserva\u00e7\u00e3o ambiental mas tamb\u00e9m para o desenvolvimento econ\u00f4mico e social das regi\u00f5es que as abrigam.<\/p>\n<p>O Parque Nacional da Serra da Bocaina, a \u00c1rea de Prote\u00e7\u00e3o Ambiental do Cairu\u00e7u &#8211; Administrados pelo Instituto Chico Mendes (ICMBio) &#8211; e a Reserva Ecol\u00f3gica Estadual da Juatinga\u00a0 &#8211; administrada pelo Instituto Estadual do Ambiente (INEA) &#8211; s\u00e3o UCs localizadas no munic\u00edpio de Paraty.<\/p>\n<p><iframe loading=\"lazy\" style=\"border: 0;\" tabindex=\"0\" src=\"https:\/\/www.google.com\/maps\/embed?pb=!1m18!1m12!1m3!1d117259.41897561074!2d-44.65560437605913!3d-23.302808276167788!2m3!1f0!2f0!3f0!3m2!1i1024!2i768!4f13.1!3m3!1m2!1s0x9d11330330b7db%3A0x3ab3fc0f454596f5!2sReserva%20Ecologica%20Estadual%20Da%20Juatinga!5e0!3m2!1spt-BR!2sbr!4v1593556205391!5m2!1spt-BR!2sbr\" width=\"100%\" height=\"350\" frameborder=\"0\" allowfullscreen=\"allowfullscreen\" aria-hidden=\"false\"><\/iframe><\/p>\n<h6>Onde Ir<\/h6>\n<ul>\n<li>Trindade, Vila Orat\u00f3rio\/Laranjeiras e Paraty Mirim: acesso de carro ou \u00f4nibus de linha.<\/li>\n<li>Praia Caixa d&#8217;A\u00e7o: acesso por trilha a partir da Praia do Meio, Trindade.<\/li>\n<li>Piscina Natural Caixa d&#8217;A\u00e7o: acesso por trilha ou a partir da Paria Caixa d&#8217;A\u00e7o ou de Barco da Praia do Meio.<\/li>\n<\/ul>\n<figure id=\"attachment_3393\" aria-describedby=\"caption-attachment-3393\" style=\"width: 1024px\" class=\"wp-caption aligncenter\"><img loading=\"lazy\" decoding=\"async\" class=\"size-full wp-image-3393\" src=\"https:\/\/mundodeaventura.com.br\/blog\/wp-content\/uploads\/2020\/06\/Piscina-Natural-Caixa-da\u00e7o.jpg\" alt=\"Piscina Natural Caixa d'a\u00e7o\" width=\"1024\" height=\"768\" srcset=\"https:\/\/mundodeaventura.com.br\/blog\/wp-content\/uploads\/2020\/06\/Piscina-Natural-Caixa-da\u00e7o.jpg 1024w, https:\/\/mundodeaventura.com.br\/blog\/wp-content\/uploads\/2020\/06\/Piscina-Natural-Caixa-da\u00e7o-300x225.jpg 300w, https:\/\/mundodeaventura.com.br\/blog\/wp-content\/uploads\/2020\/06\/Piscina-Natural-Caixa-da\u00e7o-768x576.jpg 768w\" sizes=\"auto, (max-width: 1024px) 100vw, 1024px\" \/><figcaption id=\"caption-attachment-3393\" class=\"wp-caption-text\">Piscina Natural Caixa d&#8217;a\u00e7o<\/figcaption><\/figure>\n<ul>\n<li>Pedra-que-Engole: cachoeira com acesso a partir da Praia do Meio.<\/li>\n<li>Praia do Sono: acesso por trilha a partir da Vila Orat\u00f3rio ou de barco.<\/li>\n<li>Ponta Negra: acesso por trilha a partir da Praia do Sono ou de barco.<\/li>\n<li>Pouco da Caja\u00edba, Praia Grande da Caja\u00edba e saco do Mamangu\u00e1: acesso por Barco partindo de Paraty ou Paraty Mirim.<\/li>\n<li>Martim de S\u00e1: acesso por trilha ou de barco a partir do pouso da Caja\u00edba ou diretamente de Paraty ou Paraty Mirim.<\/li>\n<\/ul>\n<figure id=\"attachment_3394\" aria-describedby=\"caption-attachment-3394\" style=\"width: 800px\" class=\"wp-caption aligncenter\"><img loading=\"lazy\" decoding=\"async\" class=\"size-full wp-image-3394\" src=\"https:\/\/mundodeaventura.com.br\/blog\/wp-content\/uploads\/2020\/06\/Praia-de-Ponta-Negra.gif\" alt=\"Praia de Ponta Negra\" width=\"800\" height=\"536\" \/><figcaption id=\"caption-attachment-3394\" class=\"wp-caption-text\">Praia de Ponta Negra<\/figcaption><\/figure>\n<h6>O que fazer<\/h6>\n<p>Apreciar a paisagem da Mata Atl\u00e2ntica preservada, desfrutando das praias, rios, cachoeiras e trilhas. Conhecer a cultura local e saborear a culin\u00e1ria t\u00edpica cai\u00e7ara, como os pratos \u00e0 base de frutos-do-mar.<\/p>\n<p><strong>Dist\u00e2ncia da Travessia da Juatinga (39KM)<\/strong><\/p>\n<p>1\u00b0 Dia: Vila Orat\u00f3rio &#8211; Ponta Negra = 7.5 KM<\/p>\n<p>2\u00b0 Dia: Ponta Negra &#8211; Martim de S\u00e1 = 11.6KM<\/p>\n<p>3\u00b0 Dia: Martim de S\u00e1 &#8211; Praia Grande da Caja\u00edba = 8KM<\/p>\n<p>4\u00b0 Dia: Praia Grande da Caja\u00edba &#8211; Cruzeiro = 8.3KM<\/p>\n<p>4\u00b0 Dia: Cruzeiro \/ Praia Grande do Mamangu\u00e1 &#8211; Paraty Mirim = 3.7KM<\/p>\n<p>&nbsp;<\/p>\n<p style=\"text-align: center;\"><strong>TRILHAS DA TRINDADE<\/strong><\/p>\n<table style=\"height: Auto;\" border=\"1\" width=\"100%\">\n<tbody>\n<tr>\n<td style=\"text-align: left;\">Est. da Trindade &#8211; Pr. Brava<\/td>\n<td>600 m<\/td>\n<td>Moderada<\/td>\n<\/tr>\n<tr>\n<td>Pr. do Meio &#8211; Pedra-que-engole<\/td>\n<td style=\"text-align: left;\">700 m<\/td>\n<td>Moderada<\/td>\n<\/tr>\n<tr>\n<td>Pr. do Meio &#8211; Pr. Caixa d&#8217;a\u00e7o<\/td>\n<td>400 m<\/td>\n<td>Moderada<\/td>\n<\/tr>\n<tr>\n<td>Pr. Caixa d&#8217;a\u00e7o &#8211; Piscina Natural<\/td>\n<td>650<\/td>\n<td>Moderada<\/td>\n<\/tr>\n<\/tbody>\n<\/table>\n<p>&nbsp;<\/p>\n<p style=\"text-align: center;\"><strong>DESCRI\u00c7\u00c3O E CLASSIFICA\u00c7\u00c3O DAS TRILHAS<\/strong><\/p>\n<table style=\"height: Auto;\" border=\"1\" width=\"100%\">\n<tbody>\n<tr>\n<td style=\"text-align: center;\"><strong>Trilha<\/strong><\/td>\n<td style=\"text-align: center;\"><strong>Dist\u00e2ncia<\/strong><\/td>\n<td style=\"text-align: center;\"><strong>Elev. M\u00e1x.<\/strong><\/td>\n<td style=\"text-align: center;\"><strong>Dificuldade<\/strong><\/td>\n<\/tr>\n<tr>\n<td>Portaria Cond. Laranjeiras &#8211; Pr. Laranjeiras<\/td>\n<td>1,1 KM<\/td>\n<td>60 M<\/td>\n<td>Leve<\/td>\n<\/tr>\n<tr>\n<td>Vila Orat\u00f3rio &#8211; Curupira<\/td>\n<td>7,8 KM<\/td>\n<td>120 M<\/td>\n<td>Moderada<\/td>\n<\/tr>\n<tr>\n<td>Vila Orat\u00f3rio &#8211; Praia do Sono<\/td>\n<td>3 KM<\/td>\n<td>137 M<\/td>\n<td>Moderada<\/td>\n<\/tr>\n<tr>\n<td>Praia do Sono &#8211; Po\u00e7o Jacar\u00e9<\/td>\n<td>1,2 KM<\/td>\n<td>82 M<\/td>\n<td>Leve<\/td>\n<\/tr>\n<tr>\n<td>Praia do Sono &#8211; Praia dos Antigos<\/td>\n<td>1,3 KM<\/td>\n<td>80 M<\/td>\n<td>Moderada<\/td>\n<\/tr>\n<tr>\n<td>Praia do Sono &#8211; Ponta Negra<\/td>\n<td>3,8 KM<\/td>\n<td>114 M<\/td>\n<td>Moderada<\/td>\n<\/tr>\n<tr>\n<td>Praia dos Antigos &#8211; Praia dos Antiguinhos<\/td>\n<td>150 M<\/td>\n<td>30 M<\/td>\n<td>Leve<\/td>\n<\/tr>\n<tr>\n<td>Praia dos Antigos &#8211; Galhetas<\/td>\n<td>1,4 KM<\/td>\n<td>114 M<\/td>\n<td>Moderado<\/td>\n<\/tr>\n<tr>\n<td>Galhetas &#8211; Ponta Negra<\/td>\n<td>600 M<\/td>\n<td>40 M<\/td>\n<td>Leve<\/td>\n<\/tr>\n<tr>\n<td>Ponta Negra &#8211; Saco Bravo<\/td>\n<td>4,2 KM<\/td>\n<td>232 M<\/td>\n<td>Pesada<\/td>\n<\/tr>\n<tr>\n<td>Ponta Negra &#8211; Cairu\u00e7u das Pedras<\/td>\n<td>6,5 KM<\/td>\n<td>580 M<\/td>\n<td>Pesada<\/td>\n<\/tr>\n<tr>\n<td>Cairu\u00e7u das Pedras &#8211; Martim de S\u00e1<\/td>\n<td>5,3 KM<\/td>\n<td>156 M<\/td>\n<td>Moderada<\/td>\n<\/tr>\n<tr>\n<td>Martim de S\u00e1 &#8211; Pico do Miranda<\/td>\n<td>3,3 KM<\/td>\n<td>596 M<\/td>\n<td>Pesada<\/td>\n<\/tr>\n<tr>\n<td>Martim de S\u00e1 &#8211; Po\u00e7\u00e3o<\/td>\n<td>2,7 KM<\/td>\n<td>162 M<\/td>\n<td>Leve<\/td>\n<\/tr>\n<tr>\n<td>Martim de S\u00e1 &#8211; Sumaca<\/td>\n<td>3,8 KM<\/td>\n<td>300 M<\/td>\n<td>Pesada<\/td>\n<\/tr>\n<tr>\n<td>Martim de S\u00e1 &#8211; Pouso da Caja\u00edba<\/td>\n<td>4 KM<\/td>\n<td>304 M<\/td>\n<td>Moderada<\/td>\n<\/tr>\n<tr>\n<td>Sumaca &#8211; Saco Claro<\/td>\n<td>2 KM<\/td>\n<td>153 M<\/td>\n<td>Leve<\/td>\n<\/tr>\n<tr>\n<td>Saco Claro &#8211; Juatinga<\/td>\n<td>3 KM<\/td>\n<td>175 M<\/td>\n<td>Moderada<\/td>\n<\/tr>\n<tr>\n<td>Juatinga &#8211; Farol<\/td>\n<td>500 M<\/td>\n<td>140 M<\/td>\n<td>Leve<\/td>\n<\/tr>\n<tr>\n<td>Pouso da Caja\u00edba &#8211; Pedra das Araras<\/td>\n<td>1,2 KM<\/td>\n<td>351 M<\/td>\n<td>Pesada<\/td>\n<\/tr>\n<tr>\n<td>Pouso da Caja\u00edba &#8211; Praia Grande<\/td>\n<td>4 KM<\/td>\n<td>65 M<\/td>\n<td>Moderada<\/td>\n<\/tr>\n<tr>\n<td>Praia Grande &#8211; Praia do Engenho<\/td>\n<td>3,5 KM<\/td>\n<td>436 M<\/td>\n<td>Pesada<\/td>\n<\/tr>\n<tr>\n<td>Praia do Engenho &#8211; Ponta da Romana<\/td>\n<td>1,2 KM<\/td>\n<td>54 M<\/td>\n<td>Leve<\/td>\n<\/tr>\n<tr>\n<td>Ponta da Romana &#8211; Cruzeiro<\/td>\n<td>2,4 KM<\/td>\n<td>57 M<\/td>\n<td>Leve<\/td>\n<\/tr>\n<tr>\n<td>Cruzeiro &#8211; P\u00e3o-de-A\u00e7\u00facar<\/td>\n<td>1,5 KM<\/td>\n<td>383 M<\/td>\n<td>Pesada<\/td>\n<\/tr>\n<tr>\n<td>Cruzeiro &#8211; Baixio<\/td>\n<td>1,2 KM<\/td>\n<td>38 M<\/td>\n<td>Leve<\/td>\n<\/tr>\n<tr>\n<td>Baixio &#8211; Cachoeira do Rio Grande<\/td>\n<td>2 KM<\/td>\n<td>68 M<\/td>\n<td>Leve<\/td>\n<\/tr>\n<\/tbody>\n<\/table>\n<p>&nbsp;<\/p>\n<hr \/>\n<h6>Reserva Ecol\u00f3gica Estadual da Juatinga &#8211; RJ<\/h6>\n<figure id=\"attachment_3388\" aria-describedby=\"caption-attachment-3388\" style=\"width: 1630px\" class=\"wp-caption aligncenter\"><img loading=\"lazy\" decoding=\"async\" class=\"wp-image-3388 size-full\" src=\"https:\/\/mundodeaventura.com.br\/blog\/wp-content\/uploads\/2020\/06\/Cachoeira-da-Praia-Grande-da-Caja\u00edba.jpg\" alt=\"Cachoeira da Praia Grande da Caja\u00edba\" width=\"1630\" height=\"1080\" srcset=\"https:\/\/mundodeaventura.com.br\/blog\/wp-content\/uploads\/2020\/06\/Cachoeira-da-Praia-Grande-da-Caja\u00edba.jpg 1630w, https:\/\/mundodeaventura.com.br\/blog\/wp-content\/uploads\/2020\/06\/Cachoeira-da-Praia-Grande-da-Caja\u00edba-300x199.jpg 300w, https:\/\/mundodeaventura.com.br\/blog\/wp-content\/uploads\/2020\/06\/Cachoeira-da-Praia-Grande-da-Caja\u00edba-1024x678.jpg 1024w, https:\/\/mundodeaventura.com.br\/blog\/wp-content\/uploads\/2020\/06\/Cachoeira-da-Praia-Grande-da-Caja\u00edba-768x509.jpg 768w, https:\/\/mundodeaventura.com.br\/blog\/wp-content\/uploads\/2020\/06\/Cachoeira-da-Praia-Grande-da-Caja\u00edba-1536x1018.jpg 1536w\" sizes=\"auto, (max-width: 1630px) 100vw, 1630px\" \/><figcaption id=\"caption-attachment-3388\" class=\"wp-caption-text\">Cachoeira da Praia Grande da Caja\u00edba<\/figcaption><\/figure>\n<p>A Reserva Ecol\u00f3gica Estadual da Juatinga (REEJ) foi criado em 1992 com o objetivo de proteger a biodiversidade, as paisagens e a cultura tradicional cai\u00e7ara. S\u00e3o 9.797 hectares de remanescentes florais de Mata Atl\u00e2ntica, restingas, manguezais e cost\u00f5es rochosos.<\/p>\n<p>Abrange tamb\u00e9m v\u00e1rias praias: Sono, Ponta Negra, Cairu\u00e7u das Pedras, Martim de S\u00e1, Pouso de Caja\u00edba, Itanema, Itaoca, Praia Grande da Caja\u00edba, al\u00e9m de todas as do lado esquerdo do Saco do Mamangu\u00e1, como Sobrado, Engenho, Cruzeiro, Prainha enter outras.<\/p>\n<p>Assim, nessas praias, como em todas a Reserva, <span style=\"color: #ff0000;\"><strong>n\u00e3o \u00e9 permitido<\/strong><\/span> aos visitantes:<\/p>\n<ul>\n<li>Entrar com animais dom\u00e9sticos. Eles Podem trazer doen\u00e7as \u00e0 fauna silvestre e levar doen\u00e7as para seus locais e origem.<\/li>\n<li>Acampar fora de campings. O camping selvagem traz degrada\u00e7\u00e3o no ambiente.<\/li>\n<li>Usar produtos qu\u00edmicos para banho ou lavagem de objetos em c\u00f3rregos, po\u00e7os e cachoeiras.<\/li>\n<\/ul>\n<figure id=\"attachment_3390\" aria-describedby=\"caption-attachment-3390\" style=\"width: 780px\" class=\"wp-caption aligncenter\"><img loading=\"lazy\" decoding=\"async\" class=\"size-full wp-image-3390\" src=\"https:\/\/mundodeaventura.com.br\/blog\/wp-content\/uploads\/2020\/06\/Saco-do-Mamangua.jpg\" alt=\"Saco do Mamangua\" width=\"780\" height=\"520\" srcset=\"https:\/\/mundodeaventura.com.br\/blog\/wp-content\/uploads\/2020\/06\/Saco-do-Mamangua.jpg 780w, https:\/\/mundodeaventura.com.br\/blog\/wp-content\/uploads\/2020\/06\/Saco-do-Mamangua-300x200.jpg 300w, https:\/\/mundodeaventura.com.br\/blog\/wp-content\/uploads\/2020\/06\/Saco-do-Mamangua-768x512.jpg 768w\" sizes=\"auto, (max-width: 780px) 100vw, 780px\" \/><figcaption id=\"caption-attachment-3390\" class=\"wp-caption-text\">Saco do Mamangua<\/figcaption><\/figure>\n<ul>\n<li>Ca\u00e7ar, pescar, capturar animais silvestres ou montar artefatos de ca\u00e7a. Observe animais \u00e0 dist\u00e2ncia, n\u00e3o os alimente.<\/li>\n<li>Retirar qualquer planta.<\/li>\n<li>riscar, pintar ou pichar rochas, cavernas, grutas ou troncos de \u00e1rvores.<\/li>\n<li>Utilizar aparelho e equipamento sonoros.<\/li>\n<li>realizar caminhadas fora das trilhas existentes, bem como a abertura de atalhos. Atalahos s\u00e3o perigosos e degradam o ambiente.<\/li>\n<li>praticar atividades comerciais ou exposi\u00e7\u00e3o de objetos para venda.<\/li>\n<\/ul>\n<p>&nbsp;<\/p>\n<p><strong>Tamb\u00e9m, na Reserva, vivem cerca de 1500 pessoas em 15 comunidades cai\u00e7aras ou n\u00facleos de ocupa\u00e7\u00e3o ao longo da costa, portanto:<\/strong><\/p>\n<ul>\n<li>Seja cort\u00eas com os moradores.<\/li>\n<li>N\u00e3o use drogas.<\/li>\n<li>Respeite sobretudo os idosos e as crian\u00e7as.<\/li>\n<li>lembre-se que explora\u00e7\u00e3o sexual de menores \u00e9 crime. Denuncie.<\/li>\n<li>Priorize o servi\u00e7o de condutores locais.<\/li>\n<li>Colabore com a limpeza nas comunidades. Em algumas delas, n\u00e3o h\u00e1 coleta e, em outras, a coleta \u00e9 irregular. Caso voc\u00ea esteja hospedado, separe o seu lixo e se informe com os moradores sobre a melhor forma de deposita-lo. Caso voc\u00ea esteja fazendo passeio de apenas um dia, leve de volta o lixo produzido.<\/li>\n<\/ul>\n<h6>Mais informa\u00e7\u00f5es<\/h6>\n<p>www.icmbio.gov.br\/parna_bocaina<\/p>\n<p>www.icmbio.gov.br\/cairucu<\/p>\n<p>www.inea.rj.gov.br\/visiteparquesestaduais<\/p>\n<p>www.facebook.com\/reservajuatinga<\/p>\n<h6>Telefones \u00dateis<\/h6>\n<p>Corpo de Bombeiros &#8230;&#8230;&#8230;&#8230;.. 24 3371-1193 ou 193<\/p>\n<p>Defesa Civil &#8230;&#8230;&#8230;&#8230;&#8230;&#8230;&#8230;&#8230;&#8230;. 24 3371-1168 ou 199<\/p>\n<p>Pol\u00edcia Militar de Trindade &#8230;. 24 3371-7600 ou 190<\/p>\n<p>Hospital de Paraty &#8230;&#8230;&#8230;&#8230;&#8230;&#8230; 24 3371-2954<\/p>\n<p>Capitania dos Portos &#8230;&#8230;&#8230;&#8230;.. 24 3371-1583<\/p>\n<p>Via\u00e7\u00e3o Colitur &#8230;&#8230;&#8230;&#8230;&#8230;&#8230;&#8230;&#8230;. 24 3371-1238<\/p>\n<p>Secr. Turismo Paraty &#8230;&#8230;&#8230;&#8230;.. 24 3371-1222<\/p>\n<hr \/>\n<p>&nbsp;<\/p>\n","protected":false},"excerpt":{"rendered":"<p>Tudo sobre Reserva Ecol\u00f3gica Estadual da Juatinga &#8211; RJ &#8211; Todas as informa\u00e7\u00f5es necess\u00e1rias para voc\u00ea conhecer esse paraiso, conhe\u00e7a todas as praias e cachoeira dentro do Parque!<\/p>\n","protected":false},"author":1,"featured_media":3387,"comment_status":"open","ping_status":"open","sticky":false,"template":"","format":"standard","meta":{"footnotes":""},"categories":[6],"tags":[110,107,183,111,127,160,128,162,180,178,181,182,147,145,167,96,174,97,98,179,177,168,104,136,108,176],"class_list":["post-3383","post","type-post","status-publish","format-standard","has-post-thumbnail","hentry","category-cidades-turisticas","tag-acampamento","tag-aventuras","tag-brasil","tag-camping","tag-campinglove","tag-campingofficial","tag-campings","tag-campingtime","tag-cidedemaravilhosa","tag-ecologia","tag-fauna","tag-flora","tag-lugareslindos","tag-lugaresprarelaxar","tag-mochileando","tag-mochileiros","tag-mundodeaventura","tag-mundodeaventuraoficial","tag-natureza","tag-reservaecologica","tag-riodejaneiro","tag-viagens","tag-viagenspelomundo","tag-viajantesmalucos","tag-viajar","tag-viajarfazbem-cidadesturisticas"],"aioseo_notices":[],"_links":{"self":[{"href":"https:\/\/mundodeaventura.com.br\/blog\/wp-json\/wp\/v2\/posts\/3383","targetHints":{"allow":["GET"]}}],"collection":[{"href":"https:\/\/mundodeaventura.com.br\/blog\/wp-json\/wp\/v2\/posts"}],"about":[{"href":"https:\/\/mundodeaventura.com.br\/blog\/wp-json\/wp\/v2\/types\/post"}],"author":[{"embeddable":true,"href":"https:\/\/mundodeaventura.com.br\/blog\/wp-json\/wp\/v2\/users\/1"}],"replies":[{"embeddable":true,"href":"https:\/\/mundodeaventura.com.br\/blog\/wp-json\/wp\/v2\/comments?post=3383"}],"version-history":[{"count":28,"href":"https:\/\/mundodeaventura.com.br\/blog\/wp-json\/wp\/v2\/posts\/3383\/revisions"}],"predecessor-version":[{"id":3547,"href":"https:\/\/mundodeaventura.com.br\/blog\/wp-json\/wp\/v2\/posts\/3383\/revisions\/3547"}],"wp:featuredmedia":[{"embeddable":true,"href":"https:\/\/mundodeaventura.com.br\/blog\/wp-json\/wp\/v2\/media\/3387"}],"wp:attachment":[{"href":"https:\/\/mundodeaventura.com.br\/blog\/wp-json\/wp\/v2\/media?parent=3383"}],"wp:term":[{"taxonomy":"category","embeddable":true,"href":"https:\/\/mundodeaventura.com.br\/blog\/wp-json\/wp\/v2\/categories?post=3383"},{"taxonomy":"post_tag","embeddable":true,"href":"https:\/\/mundodeaventura.com.br\/blog\/wp-json\/wp\/v2\/tags?post=3383"}],"curies":[{"name":"wp","href":"https:\/\/api.w.org\/{rel}","templated":true}]}}