{"id":7297,"date":"2022-01-14T10:27:38","date_gmt":"2022-01-14T13:27:38","guid":{"rendered":"https:\/\/mundodeaventura.com.br\/blog\/?p=7297"},"modified":"2024-05-08T18:43:36","modified_gmt":"2024-05-08T21:43:36","slug":"camping-recanto-ecologico-da-dora","status":"publish","type":"post","link":"https:\/\/mundodeaventura.com.br\/blog\/camping-recanto-ecologico-da-dora\/","title":{"rendered":"Camping Recanto Ecol\u00f3gico da Dora"},"content":{"rendered":"<h6 style=\"text-align: right;\"><span style=\"color: #6994f5;\">CAMPING N\u00c3O VERIFICADO <i class=\"fas fa-exclamation-circle fa-2x \" ><\/i><\/span><\/h6>\n<hr \/>\n<h6><span style=\"color: #ff6600;\"><i class=\"fas fa-info fa-lg \" ><\/i> INFORMA\u00c7\u00d5ES<\/span><\/h6>\n<p><strong>Descri\u00e7\u00e3o geral do Camping:<\/strong> O Recanto Ecol\u00f3gico da Dora fica localizado junto \u00e0 entrada do Parque Estadual do Guartel\u00e1, onde fica o Canion Guartel\u00e1 e diversas op\u00e7\u00f5es de trilhas.<\/p>\n<p>De estrutura simples mas acolhedora, proporcionamos ao campista ou visitante um contato \u00edntimo com a biodiversidade dos Campos Gerais.<\/p>\n<p>Nossa estrutura \u00e9 r\u00fastica, temos uma cozinha comunit\u00e1ria com geladeira e fog\u00e3o \u00e0 lenha, banheiros masculinos e femininos, todos com \u00e1gua quente e as \u00e1reas de camping contam com pontos de luz, tomadas e pias.<\/p>\n<p><strong>Sobre a estrutura:<\/strong> Camping com estrutura r\u00fastica \/ Simples<br \/>\n<strong>Funciona desde: <i class=\"fa fa-times \" ><\/i> <\/strong>Sem informa\u00e7\u00f5es<br \/>\n<strong>Funcionamento:<\/strong> Aberto o ano todo<\/p>\n<h6><span style=\"color: #ff6600;\"><i class=\"fas fa-map-marker-alt fa-lg \" ><\/i> DADOS DE LOCALIZA\u00c7\u00c3O E CONTATO<\/span><\/h6>\n<p><strong>Estado:<\/strong> Paran\u00e1<br \/>\n<strong>Munic\u00edpio:<\/strong> Tibagi \/ Paran\u00e1<br \/>\n<strong>Endere\u00e7o:<\/strong> Rodovia PR 340 \u2013 KM 245 \u2013 Junto ao Portal do Parque Estadual do Guartel\u00e1.<br \/>\n<strong>Coordenadas:<\/strong> -24.572717, -50.259431<br \/>\n<strong>Localiza\u00e7\u00e3o:<\/strong> Isolado<br \/>\n<strong>Acesso:<\/strong> <i class=\"fa fa-times \" ><\/i> Sem informa\u00e7\u00f5es<br \/>\n<strong>\u00c9 poss\u00edvel chegar com transporte p\u00fablico at\u00e9 o Camping?:<\/strong> <i class=\"fa fa-check \" ><\/i> Sim<\/p>\n<p><strong>Nome do respons\u00e1vel pelo camping:<\/strong> Mauricio Pereira<br \/>\n<strong>Telefone do Camping:<\/strong> (42) 9-9124-5444 \/ (42) 9-8855-5661<br \/>\n<strong>WhatsApp do Camping: <i class=\"fa fa-times \" ><\/i> <\/strong>Sem informa\u00e7\u00f5es<br \/>\n<strong>Site do Camping: <\/strong> <a href=\"http:\/\/www.recantoecologicodadora.com.br\/\">http:\/\/www.recantoecologicodadora.com.br\/<\/a><br \/>\n<strong>URL do Facebook do Camping: <i class=\"fa fa-times \" ><\/i> <\/strong>Sem informa\u00e7\u00f5es<br \/>\n<strong>Instagram do Camping: <i class=\"fa fa-times \" ><\/i> <\/strong>Sem informa\u00e7\u00f5es<br \/>\n<strong>E-mail do Camping:<\/strong> <a href=\"mailto:recantodadora@hotmail.com\">recantodadora@hotmail.com<\/a><\/p>\n<h6><span style=\"color: #ff6600;\"><i class=\"far fa-money-bill-alt fa-lg \" ><\/i> VALORES<\/span><\/h6>\n<p><strong>Valores da di\u00e1ria em barraca:<\/strong> R$ 40,00 por pessoa<br \/>\n<strong>Valor para Crian\u00e7as: <\/strong> Crian\u00e7as menores de 07 anos n\u00e3o pagam<br \/>\n<strong>Outras Taxas: <\/strong> Visita\u00e7\u00e3o: R$ 15,00 por pessoa e crian\u00e7as menores de 07 anos n\u00e3o pagam<\/p>\n<p><strong>Pagamentos:<\/strong> <i class=\"fa fa-check \" ><\/i> Dinheiro<br \/>\n<strong>Reservas:<\/strong> <i class=\"fa fa-check \" ><\/i> Aceita reservas<\/p>\n<h6><span style=\"color: #ff6600;\"><i class=\"fas fa-campground fa-lg \" ><\/i> ESTRUTURA DO CAMPING<\/span><\/h6>\n<p><strong>Tamanho:<\/strong> <i class=\"fa fa-times \" ><\/i> Sem informa\u00e7\u00f5es<br \/>\n<strong>Forma de Hospedagem:<\/strong> Apenas camping<br \/>\n<strong>Solo:<\/strong> <i class=\"fa fa-check \" ><\/i> Folhas <i class=\"fa fa-check \" ><\/i> Grama <i class=\"fa fa-check \" ><\/i> Terra<br \/>\n<strong>Terreno:<\/strong> <i class=\"fa fa-check \" ><\/i> Plano<\/p>\n<p><strong>Facilidades:<\/strong><br \/>\n<i class=\"fa fa-check \" ><\/i> Tomadas<br \/>\n<i class=\"fa fa-check \" ><\/i> Ilumina\u00e7\u00e3o<br \/>\n<i class=\"fa fa-check \" ><\/i> Pias<br \/>\n<i class=\"fa fa-check \" ><\/i> Torneiras<br \/>\n<i class=\"fa fa-check \" ><\/i> \u00c1rea de conviv\u00eancia<\/p>\n<p><strong>Aceita receber ve\u00edculo de recrea\u00e7\u00e3o?<\/strong> <i class=\"fa fa-times \" ><\/i> Sem Informa\u00e7\u00f5es<\/p>\n<p><strong>Aceita receber grupos escoteiros?<\/strong> <i class=\"fa fa-times \" ><\/i> Sem Informa\u00e7\u00f5es<\/p>\n<p><strong>Voltagem:<\/strong> <i class=\"fa fa-times \" ><\/i> Sem Informa\u00e7\u00f5es<\/p>\n<h6><span style=\"color: #ff6600;\"><i class=\"fas fa-utensils fa-lg \" ><\/i> ALIMENTA\u00c7\u00c3O<\/span><\/h6>\n<p><i class=\"fa fa-check \" ><\/i> Cozinha comunit\u00e1ria<br \/>\n<i class=\"fa fa-check \" ><\/i> Quiosque coberto com Churrasqueira<\/p>\n<h6><span style=\"color: #ff6600;\"><i class=\"fas fa-restroom fa-lg \" ><\/i> BANHEIROS<\/span><\/h6>\n<p><strong>Quantidade de WC:<\/strong> Menos de 5<br \/>\n<strong>Quantidade de Chuveiro:<\/strong> Menos de 5<br \/>\n<strong>Chuveiros:<\/strong> Quente e Frio<br \/>\n<strong>Banheiro dividido por sexo:<\/strong> Sim<\/p>\n<h6><span style=\"color: #ff6600;\"><i class=\"fas fa-volleyball-ball fa-lg \" ><\/i> OP\u00c7\u00c3O DE LAZER DENTRO DO CAMPING<\/span><\/h6>\n<p><i class=\"fa fa-times \" ><\/i> Sem Informa\u00e7\u00f5es<\/p>\n<h6><span style=\"color: #ff6600;\"><i class=\"fas fa-umbrella-beach fa-la-fg \" ><\/i> OP\u00c7\u00c3O DE LAZER NA REGI\u00c3O<\/span><\/h6>\n<p><i class=\"fa fa-check \" ><\/i> Escalada<br \/>\n<i class=\"fa fa-check \" ><\/i> Rapel<br \/>\n<i class=\"fa fa-check \" ><\/i> Rio (banh\u00e1vel)<\/p>\n<h6><span style=\"color: #ff6600;\"><i class=\"fas fa-clipboard-list fa-lg \" ><\/i> RESTRI\u00c7\u00d5ES<\/span><\/h6>\n<p><strong>Regras:<\/strong><br \/>\n<i class=\"fa fa-check \" ><\/i> R\u00edgido com rela\u00e7\u00e3o a regras<br \/>\n<i class=\"fa fa-check \" ><\/i> R\u00edgido com rela\u00e7\u00e3o a polui\u00e7\u00e3o sonora<\/p>\n<p><strong>Mensalistas:<\/strong> <i class=\"fa fa-times \" ><\/i> Sem Informa\u00e7\u00f5es<\/p>\n<p><strong>Animais de Estima\u00e7\u00e3o:<\/strong> <i class=\"fa fa-check \" ><\/i> Aceita animais<\/p>\n<h6><span style=\"color: #ff6600;\"><i class=\"fas fa-camera-retro fa-lg \" ><\/i> GALERIA DE IMAGEM<\/span><\/h6>\n<div id='gallery-1' class='gallery galleryid-7297 gallery-columns-4 gallery-size-medium'><figure class='gallery-item'>\n\t\t\t<div class='gallery-icon landscape'>\n\t\t\t\t<a href='https:\/\/mundodeaventura.com.br\/blog\/wp-content\/uploads\/2022\/01\/Recanto-Ecologico-da-Dora-2.jpg'><img loading=\"lazy\" decoding=\"async\" width=\"300\" height=\"169\" src=\"https:\/\/mundodeaventura.com.br\/blog\/wp-content\/uploads\/2022\/01\/Recanto-Ecologico-da-Dora-2-300x169.jpg\" class=\"attachment-medium size-medium\" alt=\"\" srcset=\"https:\/\/mundodeaventura.com.br\/blog\/wp-content\/uploads\/2022\/01\/Recanto-Ecologico-da-Dora-2-300x169.jpg 300w, https:\/\/mundodeaventura.com.br\/blog\/wp-content\/uploads\/2022\/01\/Recanto-Ecologico-da-Dora-2.jpg 720w\" sizes=\"auto, (max-width: 300px) 100vw, 300px\" \/><\/a>\n\t\t\t<\/div><\/figure><figure class='gallery-item'>\n\t\t\t<div class='gallery-icon landscape'>\n\t\t\t\t<a href='https:\/\/mundodeaventura.com.br\/blog\/wp-content\/uploads\/2022\/01\/Recanto-Ecologico-da-Dora-3.jpg'><img loading=\"lazy\" decoding=\"async\" width=\"300\" height=\"169\" src=\"https:\/\/mundodeaventura.com.br\/blog\/wp-content\/uploads\/2022\/01\/Recanto-Ecologico-da-Dora-3-300x169.jpg\" class=\"attachment-medium size-medium\" alt=\"\" srcset=\"https:\/\/mundodeaventura.com.br\/blog\/wp-content\/uploads\/2022\/01\/Recanto-Ecologico-da-Dora-3-300x169.jpg 300w, https:\/\/mundodeaventura.com.br\/blog\/wp-content\/uploads\/2022\/01\/Recanto-Ecologico-da-Dora-3.jpg 720w\" sizes=\"auto, (max-width: 300px) 100vw, 300px\" \/><\/a>\n\t\t\t<\/div><\/figure><figure class='gallery-item'>\n\t\t\t<div class='gallery-icon landscape'>\n\t\t\t\t<a href='https:\/\/mundodeaventura.com.br\/blog\/wp-content\/uploads\/2022\/01\/Recanto-Ecologico-da-Dora-4.jpg'><img loading=\"lazy\" decoding=\"async\" width=\"300\" height=\"168\" src=\"https:\/\/mundodeaventura.com.br\/blog\/wp-content\/uploads\/2022\/01\/Recanto-Ecologico-da-Dora-4-300x168.jpg\" class=\"attachment-medium size-medium\" alt=\"\" srcset=\"https:\/\/mundodeaventura.com.br\/blog\/wp-content\/uploads\/2022\/01\/Recanto-Ecologico-da-Dora-4-300x168.jpg 300w, https:\/\/mundodeaventura.com.br\/blog\/wp-content\/uploads\/2022\/01\/Recanto-Ecologico-da-Dora-4.jpg 720w\" sizes=\"auto, (max-width: 300px) 100vw, 300px\" \/><\/a>\n\t\t\t<\/div><\/figure><figure class='gallery-item'>\n\t\t\t<div class='gallery-icon landscape'>\n\t\t\t\t<a href='https:\/\/mundodeaventura.com.br\/blog\/wp-content\/uploads\/2022\/01\/Recanto-Ecologico-da-Dora-5.jpg'><img loading=\"lazy\" decoding=\"async\" width=\"300\" height=\"168\" src=\"https:\/\/mundodeaventura.com.br\/blog\/wp-content\/uploads\/2022\/01\/Recanto-Ecologico-da-Dora-5-300x168.jpg\" class=\"attachment-medium size-medium\" alt=\"\" srcset=\"https:\/\/mundodeaventura.com.br\/blog\/wp-content\/uploads\/2022\/01\/Recanto-Ecologico-da-Dora-5-300x168.jpg 300w, https:\/\/mundodeaventura.com.br\/blog\/wp-content\/uploads\/2022\/01\/Recanto-Ecologico-da-Dora-5.jpg 720w\" sizes=\"auto, (max-width: 300px) 100vw, 300px\" \/><\/a>\n\t\t\t<\/div><\/figure><figure class='gallery-item'>\n\t\t\t<div class='gallery-icon landscape'>\n\t\t\t\t<a href='https:\/\/mundodeaventura.com.br\/blog\/wp-content\/uploads\/2022\/01\/Recanto-Ecologico-da-Dora-6.jpg'><img loading=\"lazy\" decoding=\"async\" width=\"300\" height=\"169\" src=\"https:\/\/mundodeaventura.com.br\/blog\/wp-content\/uploads\/2022\/01\/Recanto-Ecologico-da-Dora-6-300x169.jpg\" class=\"attachment-medium size-medium\" alt=\"\" srcset=\"https:\/\/mundodeaventura.com.br\/blog\/wp-content\/uploads\/2022\/01\/Recanto-Ecologico-da-Dora-6-300x169.jpg 300w, https:\/\/mundodeaventura.com.br\/blog\/wp-content\/uploads\/2022\/01\/Recanto-Ecologico-da-Dora-6.jpg 720w\" sizes=\"auto, (max-width: 300px) 100vw, 300px\" \/><\/a>\n\t\t\t<\/div><\/figure><figure class='gallery-item'>\n\t\t\t<div class='gallery-icon landscape'>\n\t\t\t\t<a href='https:\/\/mundodeaventura.com.br\/blog\/wp-content\/uploads\/2022\/01\/Recanto-Ecologico-da-Dora-7.jpg'><img loading=\"lazy\" decoding=\"async\" width=\"300\" height=\"169\" src=\"https:\/\/mundodeaventura.com.br\/blog\/wp-content\/uploads\/2022\/01\/Recanto-Ecologico-da-Dora-7-300x169.jpg\" class=\"attachment-medium size-medium\" alt=\"\" srcset=\"https:\/\/mundodeaventura.com.br\/blog\/wp-content\/uploads\/2022\/01\/Recanto-Ecologico-da-Dora-7-300x169.jpg 300w, https:\/\/mundodeaventura.com.br\/blog\/wp-content\/uploads\/2022\/01\/Recanto-Ecologico-da-Dora-7.jpg 720w\" sizes=\"auto, (max-width: 300px) 100vw, 300px\" \/><\/a>\n\t\t\t<\/div><\/figure><figure class='gallery-item'>\n\t\t\t<div class='gallery-icon landscape'>\n\t\t\t\t<a href='https:\/\/mundodeaventura.com.br\/blog\/wp-content\/uploads\/2022\/01\/Recanto-Ecologico-da-Dora-8.jpg'><img loading=\"lazy\" decoding=\"async\" width=\"300\" height=\"169\" src=\"https:\/\/mundodeaventura.com.br\/blog\/wp-content\/uploads\/2022\/01\/Recanto-Ecologico-da-Dora-8-300x169.jpg\" class=\"attachment-medium size-medium\" alt=\"\" srcset=\"https:\/\/mundodeaventura.com.br\/blog\/wp-content\/uploads\/2022\/01\/Recanto-Ecologico-da-Dora-8-300x169.jpg 300w, https:\/\/mundodeaventura.com.br\/blog\/wp-content\/uploads\/2022\/01\/Recanto-Ecologico-da-Dora-8.jpg 720w\" sizes=\"auto, (max-width: 300px) 100vw, 300px\" \/><\/a>\n\t\t\t<\/div><\/figure><figure class='gallery-item'>\n\t\t\t<div class='gallery-icon landscape'>\n\t\t\t\t<a href='https:\/\/mundodeaventura.com.br\/blog\/wp-content\/uploads\/2022\/01\/Recanto-Ecologico-da-Dora-9.jpg'><img loading=\"lazy\" decoding=\"async\" width=\"300\" height=\"169\" src=\"https:\/\/mundodeaventura.com.br\/blog\/wp-content\/uploads\/2022\/01\/Recanto-Ecologico-da-Dora-9-300x169.jpg\" class=\"attachment-medium size-medium\" alt=\"\" srcset=\"https:\/\/mundodeaventura.com.br\/blog\/wp-content\/uploads\/2022\/01\/Recanto-Ecologico-da-Dora-9-300x169.jpg 300w, https:\/\/mundodeaventura.com.br\/blog\/wp-content\/uploads\/2022\/01\/Recanto-Ecologico-da-Dora-9.jpg 720w\" sizes=\"auto, (max-width: 300px) 100vw, 300px\" \/><\/a>\n\t\t\t<\/div><\/figure><figure class='gallery-item'>\n\t\t\t<div class='gallery-icon landscape'>\n\t\t\t\t<a href='https:\/\/mundodeaventura.com.br\/blog\/wp-content\/uploads\/2022\/01\/Recanto-Ecologico-da-Dora-10.jpg'><img loading=\"lazy\" decoding=\"async\" width=\"300\" height=\"169\" src=\"https:\/\/mundodeaventura.com.br\/blog\/wp-content\/uploads\/2022\/01\/Recanto-Ecologico-da-Dora-10-300x169.jpg\" class=\"attachment-medium size-medium\" alt=\"\" srcset=\"https:\/\/mundodeaventura.com.br\/blog\/wp-content\/uploads\/2022\/01\/Recanto-Ecologico-da-Dora-10-300x169.jpg 300w, https:\/\/mundodeaventura.com.br\/blog\/wp-content\/uploads\/2022\/01\/Recanto-Ecologico-da-Dora-10.jpg 720w\" sizes=\"auto, (max-width: 300px) 100vw, 300px\" \/><\/a>\n\t\t\t<\/div><\/figure><figure class='gallery-item'>\n\t\t\t<div class='gallery-icon landscape'>\n\t\t\t\t<a href='https:\/\/mundodeaventura.com.br\/blog\/wp-content\/uploads\/2022\/01\/Recanto-Ecologico-da-Dora-12.jpg'><img loading=\"lazy\" decoding=\"async\" width=\"300\" height=\"169\" src=\"https:\/\/mundodeaventura.com.br\/blog\/wp-content\/uploads\/2022\/01\/Recanto-Ecologico-da-Dora-12-300x169.jpg\" class=\"attachment-medium size-medium\" alt=\"\" srcset=\"https:\/\/mundodeaventura.com.br\/blog\/wp-content\/uploads\/2022\/01\/Recanto-Ecologico-da-Dora-12-300x169.jpg 300w, https:\/\/mundodeaventura.com.br\/blog\/wp-content\/uploads\/2022\/01\/Recanto-Ecologico-da-Dora-12.jpg 720w\" sizes=\"auto, (max-width: 300px) 100vw, 300px\" \/><\/a>\n\t\t\t<\/div><\/figure><figure class='gallery-item'>\n\t\t\t<div class='gallery-icon landscape'>\n\t\t\t\t<a href='https:\/\/mundodeaventura.com.br\/blog\/wp-content\/uploads\/2022\/01\/Recanto-Ecologico-da-Dora-13.jpg'><img loading=\"lazy\" decoding=\"async\" width=\"300\" height=\"169\" src=\"https:\/\/mundodeaventura.com.br\/blog\/wp-content\/uploads\/2022\/01\/Recanto-Ecologico-da-Dora-13-300x169.jpg\" class=\"attachment-medium size-medium\" alt=\"\" srcset=\"https:\/\/mundodeaventura.com.br\/blog\/wp-content\/uploads\/2022\/01\/Recanto-Ecologico-da-Dora-13-300x169.jpg 300w, https:\/\/mundodeaventura.com.br\/blog\/wp-content\/uploads\/2022\/01\/Recanto-Ecologico-da-Dora-13.jpg 720w\" sizes=\"auto, (max-width: 300px) 100vw, 300px\" \/><\/a>\n\t\t\t<\/div><\/figure><figure class='gallery-item'>\n\t\t\t<div class='gallery-icon landscape'>\n\t\t\t\t<a href='https:\/\/mundodeaventura.com.br\/blog\/wp-content\/uploads\/2022\/01\/Recanto-Ecologico-da-Dora-14.jpg'><img loading=\"lazy\" decoding=\"async\" width=\"300\" height=\"169\" src=\"https:\/\/mundodeaventura.com.br\/blog\/wp-content\/uploads\/2022\/01\/Recanto-Ecologico-da-Dora-14-300x169.jpg\" class=\"attachment-medium size-medium\" alt=\"\" srcset=\"https:\/\/mundodeaventura.com.br\/blog\/wp-content\/uploads\/2022\/01\/Recanto-Ecologico-da-Dora-14-300x169.jpg 300w, https:\/\/mundodeaventura.com.br\/blog\/wp-content\/uploads\/2022\/01\/Recanto-Ecologico-da-Dora-14.jpg 720w\" sizes=\"auto, (max-width: 300px) 100vw, 300px\" \/><\/a>\n\t\t\t<\/div><\/figure>\n\t\t<\/div>\n\n<h6><span style=\"color: #ff6600;\"><i class=\"fas fa-user-alt fa-lg \" ><\/i> CADASTRADO POR:<\/span><\/h6>\n<p><strong>Nome:<\/strong> joao<br \/>\n<strong>E-mail:<\/strong> joao@mundodeaventura.com.br<br \/>\n<strong>Fun\u00e7\u00e3o no camping \u00e9:<\/strong> ADM do Site<\/p>\n<p>&nbsp;<\/p>\n","protected":false},"excerpt":{"rendered":"<p>O Recanto Ecol\u00f3gico da Dora fica localizado junto \u00e0 entrada do Parque Estadual do Guartel\u00e1, onde fica o Canion Guartel\u00e1 e diversas op\u00e7\u00f5es de trilhas.<\/p>\n","protected":false},"author":1,"featured_media":11455,"comment_status":"open","ping_status":"open","sticky":false,"template":"","format":"standard","meta":{"footnotes":""},"categories":[4,27,47],"tags":[110,107,111,127,160,128,162,147,145,167,96,174,97,168],"class_list":["post-7297","post","type-post","status-publish","format-standard","has-post-thumbnail","hentry","category-campings","category-parana-campings","category-sul","tag-acampamento","tag-aventuras","tag-camping","tag-campinglove","tag-campingofficial","tag-campings","tag-campingtime","tag-lugareslindos","tag-lugaresprarelaxar","tag-mochileando","tag-mochileiros","tag-mundodeaventura","tag-mundodeaventuraoficial","tag-viagens"],"aioseo_notices":[],"_links":{"self":[{"href":"https:\/\/mundodeaventura.com.br\/blog\/wp-json\/wp\/v2\/posts\/7297","targetHints":{"allow":["GET"]}}],"collection":[{"href":"https:\/\/mundodeaventura.com.br\/blog\/wp-json\/wp\/v2\/posts"}],"about":[{"href":"https:\/\/mundodeaventura.com.br\/blog\/wp-json\/wp\/v2\/types\/post"}],"author":[{"embeddable":true,"href":"https:\/\/mundodeaventura.com.br\/blog\/wp-json\/wp\/v2\/users\/1"}],"replies":[{"embeddable":true,"href":"https:\/\/mundodeaventura.com.br\/blog\/wp-json\/wp\/v2\/comments?post=7297"}],"version-history":[{"count":5,"href":"https:\/\/mundodeaventura.com.br\/blog\/wp-json\/wp\/v2\/posts\/7297\/revisions"}],"predecessor-version":[{"id":11456,"href":"https:\/\/mundodeaventura.com.br\/blog\/wp-json\/wp\/v2\/posts\/7297\/revisions\/11456"}],"wp:featuredmedia":[{"embeddable":true,"href":"https:\/\/mundodeaventura.com.br\/blog\/wp-json\/wp\/v2\/media\/11455"}],"wp:attachment":[{"href":"https:\/\/mundodeaventura.com.br\/blog\/wp-json\/wp\/v2\/media?parent=7297"}],"wp:term":[{"taxonomy":"category","embeddable":true,"href":"https:\/\/mundodeaventura.com.br\/blog\/wp-json\/wp\/v2\/categories?post=7297"},{"taxonomy":"post_tag","embeddable":true,"href":"https:\/\/mundodeaventura.com.br\/blog\/wp-json\/wp\/v2\/tags?post=7297"}],"curies":[{"name":"wp","href":"https:\/\/api.w.org\/{rel}","templated":true}]}}