{"id":7323,"date":"2024-05-03T01:34:42","date_gmt":"2024-05-03T04:34:42","guid":{"rendered":"https:\/\/mundodeaventura.com.br\/blog\/?p=7323"},"modified":"2024-05-03T01:34:42","modified_gmt":"2024-05-03T04:34:42","slug":"camping-nosso-chale","status":"publish","type":"post","link":"https:\/\/mundodeaventura.com.br\/blog\/camping-nosso-chale\/","title":{"rendered":"Camping Nosso Chal\u00e9"},"content":{"rendered":"<h6 style=\"text-align: right;\"><span style=\"color: #6994f5;\">CAMPING N\u00c3O VERIFICADO <i class=\"fas fa-exclamation-circle fa-2x \" ><\/i><\/span><\/h6>\n<hr \/>\n<h6><span style=\"color: #ff6600;\"><i class=\"fas fa-info fa-lg \" ><\/i> INFORMA\u00c7\u00d5ES<\/span><\/h6>\n<p><strong>Descri\u00e7\u00e3o geral do Camping:<\/strong> O Camping Nosso Chal\u00e9 est\u00e1 localizado na Avenida Principal de Boqueir\u00e3o Sul, a cerca de 200 metros da praia. Espa\u00e7o Dispon\u00edvel para atividades de lazer como: fogueira, churrasco, recrea\u00e7\u00e3o, esticar sua rede.<\/p>\n<p>A Ilha Comprida (no Boqueir\u00e3o Sul) conta com uma \u00e1rea mais centralizada, perto da praia, com Quiosques para os que procuram um local para alimenta\u00e7\u00e3o mais praiano. Possui ainda proximidade outras ilhas ex\u00f3ticas, como a Ilha do Cardoso e Maruj\u00e1.<\/p>\n<p><strong>Sobre a estrutura:<\/strong> Camping com estrutura normal \/ Regular<br \/>\n<strong>Funciona desde: <\/strong> 2017<br \/>\n<strong>Funcionamento:<\/strong> Aberto o ano todo<\/p>\n<h6><span style=\"color: #ff6600;\"><i class=\"fas fa-map-marker-alt fa-lg \" ><\/i> DADOS DE LOCALIZA\u00c7\u00c3O E CONTATO<\/span><\/h6>\n<p><strong>Estado:<\/strong> S\u00e3o Paulo<br \/>\n<strong>Munic\u00edpio:<\/strong> Ilha Comprida \/ SP<br \/>\n<strong>Endere\u00e7o:<\/strong> Av. Intermares, n\u00b0 425, em Ilha Comprida, com acesso via Cananeia.<br \/>\n<strong>Coordenadas:<\/strong> -25.027490, -47.887503<br \/>\n<strong>Localiza\u00e7\u00e3o:<\/strong> Cidade Litor\u00e2nea<br \/>\n<strong>Acesso:<\/strong> Para chegarmos na Ilha Comprida, no Boqueir\u00e3o Sul, temos como acesso principal a Cidade de Canan\u00e9ia, a Travessia de balsa de Canan\u00e9ia para Ilha Comprida pode ser uma experi\u00eancia agrad\u00e1vel pelo contato com natureza, oportunamente voc\u00ea poder\u00e1 ver os golfinhos nadando nas proximidades da travessia da balsa, certamente uma experi\u00eancia incr\u00edvel.<br \/>\n<strong>\u00c9 poss\u00edvel chegar com transporte p\u00fablico at\u00e9 o Camping?:<\/strong> <i class=\"fa fa-times \" ><\/i> N\u00e3o<\/p>\n<p><strong>Nome do respons\u00e1vel pelo camping:<\/strong> Laercio Pereira<br \/>\n<strong>Telefone do Camping:<\/strong> (11) 9-7150-3311<br \/>\n<strong>WhatsApp do Camping:<\/strong> <a href=\"https:\/\/api.whatsapp.com\/send?phone=5511971503311&amp;text=Ol%C3%A1%2C%20Solicito%20informa%C3%A7%C3%B5es%20sobre%20o%20Camping%20atrav%C3%A9s%20do%20site%3A%20www.mundodeaventura.com.br%2Fblog\" target=\"_blank\" rel=\"noopener\">(11) 9-7150-3311 <i class=\"fab fa-whatsapp \" ><\/i><\/a><br \/>\n<strong>Site do Camping: <i class=\"fa fa-times \" ><\/i> <\/strong>Sem informa\u00e7\u00f5es<br \/>\n<strong>URL do Facebook do Camping: <\/strong> <a href=\"https:\/\/www.facebook.com\/profile.php?id=100013292767993\" target=\"_blank\" rel=\"noopener\">https:\/\/www.facebook.com\/profile.php?id=100013292767993<\/a><br \/>\n<strong>Instagram do Camping: <i class=\"fa fa-times \" ><\/i> <\/strong>Sem informa\u00e7\u00f5es<br \/>\n<strong>E-mail do Camping:<\/strong> nossochale@yahoo.com<\/p>\n<h6><span style=\"color: #ff6600;\"><i class=\"far fa-money-bill-alt fa-lg \" ><\/i> VALORES<\/span><\/h6>\n<p><strong>Valores da di\u00e1ria em barraca:<\/strong> R$ 30,00 por pessoa<br \/>\n<strong>Valor para Crian\u00e7as: <i class=\"fa fa-times \" ><\/i> <\/strong>Sem informa\u00e7\u00f5es<br \/>\n<strong>Outras Taxas: <i class=\"fa fa-times \" ><\/i><\/strong> Sem informa\u00e7\u00f5es<\/p>\n<p><strong>Pagamentos:<\/strong> <i class=\"fa fa-check \" ><\/i> Dinheiro <i class=\"fa fa-check \" ><\/i> Dep\u00f3sito<br \/>\n<strong>Reservas:<\/strong> <i class=\"fa fa-check \" ><\/i> Aceita reservas<\/p>\n<h6><span style=\"color: #ff6600;\"><i class=\"fas fa-campground fa-lg \" ><\/i> ESTRUTURA DO CAMPING<\/span><\/h6>\n<p><strong>Tamanho:<\/strong> 2.000 metros (comporta 150 barracas)<br \/>\n<strong>Forma de Hospedagem:<\/strong> Camping e Pousada<br \/>\n<strong>Solo:<\/strong> <i class=\"fa fa-check \" ><\/i> Areia <i class=\"fa fa-check \" ><\/i> Folhas <i class=\"fa fa-check \" ><\/i> Grama<br \/>\n<strong>Terreno:<\/strong> <i class=\"fa fa-check \" ><\/i> Plano <i class=\"fa fa-check \" ><\/i> Com sombra<\/p>\n<p><strong>Facilidades:<\/strong><br \/>\n<i class=\"fa fa-check \" ><\/i> Ilumina\u00e7\u00e3o<br \/>\n<i class=\"fa fa-check \" ><\/i> Pias<br \/>\n<i class=\"fa fa-check \" ><\/i> Torneiras<br \/>\n<i class=\"fa fa-check \" ><\/i> Internet Wifi<br \/>\n<i class=\"fa fa-check \" ><\/i> \u00c1rea de conviv\u00eancia<\/p>\n<p><strong>Aceita receber ve\u00edculo de recrea\u00e7\u00e3o?<\/strong> <i class=\"fa fa-times \" ><\/i> N\u00e3o aceita Trailer\/MH<\/p>\n<p><strong>Aceita receber grupos escoteiros?<\/strong> <i class=\"fa fa-check \" ><\/i> Sim, Aceita<\/p>\n<p><strong>Voltagem:<\/strong> 110v<\/p>\n<h6><span style=\"color: #ff6600;\"><i class=\"fas fa-utensils fa-lg \" ><\/i> ALIMENTA\u00c7\u00c3O<\/span><\/h6>\n<p><i class=\"fa fa-check \" ><\/i> Cozinha comunit\u00e1ria<br \/>\n<i class=\"fa fa-check \" ><\/i> Mercado pr\u00f3ximo ao Camping<\/p>\n<h6><span style=\"color: #ff6600;\"><i class=\"fas fa-restroom fa-lg \" ><\/i> BANHEIROS<\/span><\/h6>\n<p><strong>Quantidade de WC:<\/strong> Menos de 5<br \/>\n<strong>Quantidade de Chuveiro:<\/strong> De 05 a 10<br \/>\n<strong>Chuveiros:<\/strong> Quente e Frio<br \/>\n<strong>Banheiro dividido por sexo:<\/strong> Sim<\/p>\n<h6><span style=\"color: #ff6600;\"><i class=\"fas fa-volleyball-ball fa-lg \" ><\/i> OP\u00c7\u00c3O DE LAZER DENTRO DO CAMPING<\/span><\/h6>\n<p><i class=\"fa fa-times \" ><\/i> Sem Informa\u00e7\u00f5es<\/p>\n<h6><span style=\"color: #ff6600;\"><i class=\"fas fa-umbrella-beach fa-la-fg \" ><\/i> OP\u00c7\u00c3O DE LAZER NA REGI\u00c3O<\/span><\/h6>\n<p><i class=\"fa fa-check \" ><\/i> Mar (banh\u00e1vel)<br \/>\n<i class=\"fa fa-check \" ><\/i> Pesca<br \/>\n<strong><i class=\"fa fa-check \" ><\/i> <\/strong> Quadriculo Passeio para a Ilha do Cardoso.<\/p>\n<h6><span style=\"color: #ff6600;\"><i class=\"fas fa-clipboard-list fa-lg \" ><\/i> RESTRI\u00c7\u00d5ES<\/span><\/h6>\n<p><strong>Regras:<\/strong><br \/>\n<i class=\"fa fa-times \" ><\/i> Sem Informa\u00e7\u00f5es<\/p>\n<p><strong>Mensalistas:<\/strong> <i class=\"fa fa-times \" ><\/i> Sem Informa\u00e7\u00f5es<\/p>\n<p><strong>Animais de Estima\u00e7\u00e3o:<\/strong> <i class=\"fa fa-times \" ><\/i> N\u00e3o aceita animais<\/p>\n<h6><span style=\"color: #ff6600;\"><i class=\"fas fa-camera-retro fa-lg \" ><\/i> GALERIA DE IMAGEM<\/span><\/h6>\n<div id='gallery-1' class='gallery galleryid-7323 gallery-columns-4 gallery-size-medium'><figure class='gallery-item'>\n\t\t\t<div class='gallery-icon landscape'>\n\t\t\t\t<a href='https:\/\/mundodeaventura.com.br\/blog\/wp-content\/uploads\/2022\/02\/Camping-Nosso-Chale-01.jpg'><img loading=\"lazy\" decoding=\"async\" width=\"300\" height=\"168\" src=\"https:\/\/mundodeaventura.com.br\/blog\/wp-content\/uploads\/2022\/02\/Camping-Nosso-Chale-01-300x168.jpg\" class=\"attachment-medium size-medium\" alt=\"\" srcset=\"https:\/\/mundodeaventura.com.br\/blog\/wp-content\/uploads\/2022\/02\/Camping-Nosso-Chale-01-300x168.jpg 300w, https:\/\/mundodeaventura.com.br\/blog\/wp-content\/uploads\/2022\/02\/Camping-Nosso-Chale-01-768x431.jpg 768w, https:\/\/mundodeaventura.com.br\/blog\/wp-content\/uploads\/2022\/02\/Camping-Nosso-Chale-01.jpg 800w\" sizes=\"auto, (max-width: 300px) 100vw, 300px\" \/><\/a>\n\t\t\t<\/div><\/figure><figure class='gallery-item'>\n\t\t\t<div class='gallery-icon landscape'>\n\t\t\t\t<a href='https:\/\/mundodeaventura.com.br\/blog\/wp-content\/uploads\/2022\/02\/Camping-Nosso-Chale-02.jpg'><img loading=\"lazy\" decoding=\"async\" width=\"300\" height=\"168\" src=\"https:\/\/mundodeaventura.com.br\/blog\/wp-content\/uploads\/2022\/02\/Camping-Nosso-Chale-02-300x168.jpg\" class=\"attachment-medium size-medium\" alt=\"\" srcset=\"https:\/\/mundodeaventura.com.br\/blog\/wp-content\/uploads\/2022\/02\/Camping-Nosso-Chale-02-300x168.jpg 300w, https:\/\/mundodeaventura.com.br\/blog\/wp-content\/uploads\/2022\/02\/Camping-Nosso-Chale-02-768x431.jpg 768w, https:\/\/mundodeaventura.com.br\/blog\/wp-content\/uploads\/2022\/02\/Camping-Nosso-Chale-02.jpg 800w\" sizes=\"auto, (max-width: 300px) 100vw, 300px\" \/><\/a>\n\t\t\t<\/div><\/figure><figure class='gallery-item'>\n\t\t\t<div class='gallery-icon landscape'>\n\t\t\t\t<a href='https:\/\/mundodeaventura.com.br\/blog\/wp-content\/uploads\/2022\/02\/Camping-Nosso-Chale-03.jpg'><img loading=\"lazy\" decoding=\"async\" width=\"300\" height=\"168\" src=\"https:\/\/mundodeaventura.com.br\/blog\/wp-content\/uploads\/2022\/02\/Camping-Nosso-Chale-03-300x168.jpg\" class=\"attachment-medium size-medium\" alt=\"\" srcset=\"https:\/\/mundodeaventura.com.br\/blog\/wp-content\/uploads\/2022\/02\/Camping-Nosso-Chale-03-300x168.jpg 300w, https:\/\/mundodeaventura.com.br\/blog\/wp-content\/uploads\/2022\/02\/Camping-Nosso-Chale-03-768x431.jpg 768w, https:\/\/mundodeaventura.com.br\/blog\/wp-content\/uploads\/2022\/02\/Camping-Nosso-Chale-03.jpg 800w\" sizes=\"auto, (max-width: 300px) 100vw, 300px\" \/><\/a>\n\t\t\t<\/div><\/figure><figure class='gallery-item'>\n\t\t\t<div class='gallery-icon landscape'>\n\t\t\t\t<a href='https:\/\/mundodeaventura.com.br\/blog\/wp-content\/uploads\/2022\/02\/Camping-Nosso-Chale-04.jpg'><img loading=\"lazy\" decoding=\"async\" width=\"300\" height=\"168\" src=\"https:\/\/mundodeaventura.com.br\/blog\/wp-content\/uploads\/2022\/02\/Camping-Nosso-Chale-04-300x168.jpg\" class=\"attachment-medium size-medium\" alt=\"\" srcset=\"https:\/\/mundodeaventura.com.br\/blog\/wp-content\/uploads\/2022\/02\/Camping-Nosso-Chale-04-300x168.jpg 300w, https:\/\/mundodeaventura.com.br\/blog\/wp-content\/uploads\/2022\/02\/Camping-Nosso-Chale-04-768x431.jpg 768w, https:\/\/mundodeaventura.com.br\/blog\/wp-content\/uploads\/2022\/02\/Camping-Nosso-Chale-04.jpg 800w\" sizes=\"auto, (max-width: 300px) 100vw, 300px\" \/><\/a>\n\t\t\t<\/div><\/figure><figure class='gallery-item'>\n\t\t\t<div class='gallery-icon landscape'>\n\t\t\t\t<a href='https:\/\/mundodeaventura.com.br\/blog\/wp-content\/uploads\/2022\/02\/Camping-Nosso-Chale-05.jpg'><img loading=\"lazy\" decoding=\"async\" width=\"300\" height=\"168\" src=\"https:\/\/mundodeaventura.com.br\/blog\/wp-content\/uploads\/2022\/02\/Camping-Nosso-Chale-05-300x168.jpg\" class=\"attachment-medium size-medium\" alt=\"\" srcset=\"https:\/\/mundodeaventura.com.br\/blog\/wp-content\/uploads\/2022\/02\/Camping-Nosso-Chale-05-300x168.jpg 300w, https:\/\/mundodeaventura.com.br\/blog\/wp-content\/uploads\/2022\/02\/Camping-Nosso-Chale-05-768x431.jpg 768w, https:\/\/mundodeaventura.com.br\/blog\/wp-content\/uploads\/2022\/02\/Camping-Nosso-Chale-05.jpg 800w\" sizes=\"auto, (max-width: 300px) 100vw, 300px\" \/><\/a>\n\t\t\t<\/div><\/figure><figure class='gallery-item'>\n\t\t\t<div class='gallery-icon landscape'>\n\t\t\t\t<a href='https:\/\/mundodeaventura.com.br\/blog\/wp-content\/uploads\/2022\/02\/Camping-Nosso-Chale-06.jpg'><img loading=\"lazy\" decoding=\"async\" width=\"300\" height=\"168\" src=\"https:\/\/mundodeaventura.com.br\/blog\/wp-content\/uploads\/2022\/02\/Camping-Nosso-Chale-06-300x168.jpg\" class=\"attachment-medium size-medium\" alt=\"\" srcset=\"https:\/\/mundodeaventura.com.br\/blog\/wp-content\/uploads\/2022\/02\/Camping-Nosso-Chale-06-300x168.jpg 300w, https:\/\/mundodeaventura.com.br\/blog\/wp-content\/uploads\/2022\/02\/Camping-Nosso-Chale-06-768x431.jpg 768w, https:\/\/mundodeaventura.com.br\/blog\/wp-content\/uploads\/2022\/02\/Camping-Nosso-Chale-06.jpg 800w\" sizes=\"auto, (max-width: 300px) 100vw, 300px\" \/><\/a>\n\t\t\t<\/div><\/figure><figure class='gallery-item'>\n\t\t\t<div class='gallery-icon landscape'>\n\t\t\t\t<a href='https:\/\/mundodeaventura.com.br\/blog\/wp-content\/uploads\/2022\/02\/Camping-Nosso-Chale-07.jpg'><img loading=\"lazy\" decoding=\"async\" width=\"300\" height=\"168\" src=\"https:\/\/mundodeaventura.com.br\/blog\/wp-content\/uploads\/2022\/02\/Camping-Nosso-Chale-07-300x168.jpg\" class=\"attachment-medium size-medium\" alt=\"\" srcset=\"https:\/\/mundodeaventura.com.br\/blog\/wp-content\/uploads\/2022\/02\/Camping-Nosso-Chale-07-300x168.jpg 300w, https:\/\/mundodeaventura.com.br\/blog\/wp-content\/uploads\/2022\/02\/Camping-Nosso-Chale-07-768x431.jpg 768w, https:\/\/mundodeaventura.com.br\/blog\/wp-content\/uploads\/2022\/02\/Camping-Nosso-Chale-07.jpg 800w\" sizes=\"auto, (max-width: 300px) 100vw, 300px\" \/><\/a>\n\t\t\t<\/div><\/figure>\n\t\t<\/div>\n\n<h6><span style=\"color: #ff6600;\"><i class=\"fas fa-user-alt fa-lg \" ><\/i> CADASTRADO POR:<\/span><\/h6>\n<p><strong>Nome:<\/strong> joao<br \/>\n<strong>E-mail:<\/strong> joao@mundodeaventura.com.br<br \/>\n<strong>Fun\u00e7\u00e3o no camping \u00e9:<\/strong> ADM do Site<\/p>\n<p>&nbsp;<\/p>\n","protected":false},"excerpt":{"rendered":"<p>O Camping Nosso Chal\u00e9 est\u00e1 localizado na Avenida Principal de Boqueir\u00e3o Sul, a cerca de 200 metros da praia. Espa\u00e7o Dispon\u00edvel para diversas atividades de lazer<\/p>\n","protected":false},"author":1,"featured_media":11221,"comment_status":"open","ping_status":"open","sticky":false,"template":"","format":"standard","meta":{"footnotes":""},"categories":[4,25,46],"tags":[110,107,111,127,160,128,162,147,145,167,96,174,97,168],"class_list":["post-7323","post","type-post","status-publish","format-standard","has-post-thumbnail","hentry","category-campings","category-sao-paulo-sp","category-sudeste","tag-acampamento","tag-aventuras","tag-camping","tag-campinglove","tag-campingofficial","tag-campings","tag-campingtime","tag-lugareslindos","tag-lugaresprarelaxar","tag-mochileando","tag-mochileiros","tag-mundodeaventura","tag-mundodeaventuraoficial","tag-viagens"],"aioseo_notices":[],"_links":{"self":[{"href":"https:\/\/mundodeaventura.com.br\/blog\/wp-json\/wp\/v2\/posts\/7323","targetHints":{"allow":["GET"]}}],"collection":[{"href":"https:\/\/mundodeaventura.com.br\/blog\/wp-json\/wp\/v2\/posts"}],"about":[{"href":"https:\/\/mundodeaventura.com.br\/blog\/wp-json\/wp\/v2\/types\/post"}],"author":[{"embeddable":true,"href":"https:\/\/mundodeaventura.com.br\/blog\/wp-json\/wp\/v2\/users\/1"}],"replies":[{"embeddable":true,"href":"https:\/\/mundodeaventura.com.br\/blog\/wp-json\/wp\/v2\/comments?post=7323"}],"version-history":[{"count":11,"href":"https:\/\/mundodeaventura.com.br\/blog\/wp-json\/wp\/v2\/posts\/7323\/revisions"}],"predecessor-version":[{"id":11222,"href":"https:\/\/mundodeaventura.com.br\/blog\/wp-json\/wp\/v2\/posts\/7323\/revisions\/11222"}],"wp:featuredmedia":[{"embeddable":true,"href":"https:\/\/mundodeaventura.com.br\/blog\/wp-json\/wp\/v2\/media\/11221"}],"wp:attachment":[{"href":"https:\/\/mundodeaventura.com.br\/blog\/wp-json\/wp\/v2\/media?parent=7323"}],"wp:term":[{"taxonomy":"category","embeddable":true,"href":"https:\/\/mundodeaventura.com.br\/blog\/wp-json\/wp\/v2\/categories?post=7323"},{"taxonomy":"post_tag","embeddable":true,"href":"https:\/\/mundodeaventura.com.br\/blog\/wp-json\/wp\/v2\/tags?post=7323"}],"curies":[{"name":"wp","href":"https:\/\/api.w.org\/{rel}","templated":true}]}}